{"id":12814,"date":"2019-05-15T07:48:22","date_gmt":"2019-05-15T07:48:22","guid":{"rendered":"http:\/\/www.ff-hinterberg.at\/?p=12814"},"modified":"2019-05-15T07:48:22","modified_gmt":"2019-05-15T07:48:22","slug":"mit-absauggeblaese-zu-gast-bei-der-ff-lasberg","status":"publish","type":"post","link":"https:\/\/www.ff-hinterberg.at\/?p=12814","title":{"rendered":"Mit Absauggebl\u00e4se zu Gast bei der FF Lasberg"},"content":{"rendered":"<p><span style=\"color: rgb(0, 0, 0); font-family: Calibri;\">Am Dienstag 14 Mai wurden wir von der FF Lasberg eingeladen unser Hackschnitzelabsauggebl\u00e4se vorzuf\u00fchren. Das Gebl\u00e4se wurde so wie auch im Einsatz unter unserer Leitung von den Kameraden vor Ort aufgebaut. Nach einer kurzen Einleitung konnten die Kameraden auch schon gleich mit dem saugen loslegen und sich selbst ein Bild \u00fcber die Funktionsweise und Leistung des Gebl\u00e4ses machen. Im Anschlu\u00df gab es noch eine kleine \u00dcbungsnachbesprechung und eine Jause. Wir bedanken uns f\u00fcr die Einladung und dem Interesse an unserem Spezialeinsatzger\u00e4t.<\/span><\/p>\nngg_shortcode_0_placeholder\n","protected":false},"excerpt":{"rendered":"<p>Am Dienstag 14 Mai wurden wir von der FF Lasberg eingeladen unser Hackschnitzelabsauggebl\u00e4se vorzuf\u00fchren. Das Gebl\u00e4se wurde so wie auch im Einsatz unter unserer Leitung von den Kameraden vor Ort aufgebaut. Nach einer kurzen Einleitung konnten die Kameraden auch schon gleich mit dem saugen loslegen und sich selbst ein Bild \u00fcber die Funktionsweise und Leistung [&hellip;]<\/p>\n","protected":false},"author":1,"featured_media":12813,"comment_status":"closed","ping_status":"open","sticky":false,"template":"","format":"standard","meta":{"_mo_disable_npp":"","ngg_post_thumbnail":0,"footnotes":""},"categories":[1,19,20],"tags":[],"class_list":["post-12814","post","type-post","status-publish","format-standard","has-post-thumbnail","hentry","category-aktuelles","category-berichte","category-uebungen"],"_links":{"self":[{"href":"https:\/\/www.ff-hinterberg.at\/index.php?rest_route=\/wp\/v2\/posts\/12814","targetHints":{"allow":["GET"]}}],"collection":[{"href":"https:\/\/www.ff-hinterberg.at\/index.php?rest_route=\/wp\/v2\/posts"}],"about":[{"href":"https:\/\/www.ff-hinterberg.at\/index.php?rest_route=\/wp\/v2\/types\/post"}],"author":[{"embeddable":true,"href":"https:\/\/www.ff-hinterberg.at\/index.php?rest_route=\/wp\/v2\/users\/1"}],"replies":[{"embeddable":true,"href":"https:\/\/www.ff-hinterberg.at\/index.php?rest_route=%2Fwp%2Fv2%2Fcomments&post=12814"}],"version-history":[{"count":1,"href":"https:\/\/www.ff-hinterberg.at\/index.php?rest_route=\/wp\/v2\/posts\/12814\/revisions"}],"predecessor-version":[{"id":12815,"href":"https:\/\/www.ff-hinterberg.at\/index.php?rest_route=\/wp\/v2\/posts\/12814\/revisions\/12815"}],"wp:featuredmedia":[{"embeddable":true,"href":"https:\/\/www.ff-hinterberg.at\/index.php?rest_route=\/wp\/v2\/media\/12813"}],"wp:attachment":[{"href":"https:\/\/www.ff-hinterberg.at\/index.php?rest_route=%2Fwp%2Fv2%2Fmedia&parent=12814"}],"wp:term":[{"taxonomy":"category","embeddable":true,"href":"https:\/\/www.ff-hinterberg.at\/index.php?rest_route=%2Fwp%2Fv2%2Fcategories&post=12814"},{"taxonomy":"post_tag","embeddable":true,"href":"https:\/\/www.ff-hinterberg.at\/index.php?rest_route=%2Fwp%2Fv2%2Ftags&post=12814"}],"curies":[{"name":"wp","href":"https:\/\/api.w.org\/{rel}","templated":true}]}}